{"id":13458,"date":"2024-06-05T16:36:30","date_gmt":"2024-06-05T14:36:30","guid":{"rendered":"https:\/\/next.femtec.org\/?p=13458"},"modified":"2024-07-17T13:32:50","modified_gmt":"2024-07-17T11:32:50","slug":"katrin_brinkhoff","status":"publish","type":"post","link":"https:\/\/www.femtec.org\/katrin_brinkhoff\/","title":{"rendered":"Katrin_Brinkhoff"},"content":{"rendered":"<hr>\n<p><img decoding=\"async\" src=\"\/wp-content\/uploads\/2024\/04\/Katrin_Brinkhoff1.png\" alt=\"\"><\/p>\n<h1>\n<div class=\"col-12 col-md-8\">\n<div class=\"text-center mt-3 mt-md-0 text-md-left\">\n<div class=\"col-12 col-md-8\">\n<div class=\"text-center mt-3 mt-md-0 text-md-left\">\n<div class=\"col-12 col-md-8\">\n<div class=\"text-center mt-3 mt-md-0 text-md-left\">\n<h2 class=\"mb-1\">Katrin Brinkhoff<\/h2>\n<\/div>\n<\/div>\n<\/div>\n<\/div>\n<\/div>\n<\/div>\n<\/h1>\n<h1>\n<h5>Innovation &amp; Co-Creation, Leading myself and others<\/h5>\n<\/h1>\n<div>\n<div class=\"small pt-4\">\n<p><strong>Was sind Deine wichtigsten beruflichen Stationen?<\/strong><\/p>\n<p>Mein Hintergrund als Leiterin eines EU-Bildungsprojektes f\u00fcr Frauen (2002-2005) war sinnstiftend. Die Erfahrung als Referentin im Bundesministerium (BMFSFJ)\u00a0 f\u00fcr ein Medienprojekt und die T\u00e4tigkeit bei Auswahlverfahren im Ausw\u00e4rtigen Amt haben mir Einblicke in komplexe Strukturen gegeben. Antrieb f\u00fcr meine Arbeit als Moderatorin ist auch meine kulturjournalistische T\u00e4tigkeit (u.a. f\u00fcr das ZDF). Als Moderatorin, Trainerin und Coach f\u00fcr F\u00fchrungskr\u00e4fte unterst\u00fctze ich seit 18 Jahren branchen\u00fcbergreifend meine Kunden in Ver\u00e4nderungsprozessen und in der Digitalisierung. Die selbstst\u00e4ndige Zeit war dann weniger \u201eStation\u201c als vielmehr \u201est\u00e4ndiges Lernen und Transformation\u201c. Und das Unterst\u00fctzen von Frauen im MINT Bereich \u2013 auch \u00fcber die Femtec \u2013 ist f\u00fcr mich sinnstiftende Freude!<\/p>\n<p><strong>Was ist Deine pr\u00e4gendste Karriereerfahrung?<\/strong><\/p>\n<p>Ich m\u00f6chte das gern in \u201e3 Phasen der Karriere\u201c unterteilen.<\/p>\n<p><u>Im Studium:<\/u> Der forschende Blick \u00fcber den Tellerrand, das Ausprobieren und Kennenlernen verschiedener Organisationskulturen.<\/p>\n<p><u>Nach dem Studium:<\/u> In jedem Fall: Mentorinnen, von denen ich lernen konnte und die mich best\u00e4rkt und ermutigt haben. An diese denke ich noch heute!<\/p>\n<p><u>In 18 Jahren Berufsleben:<\/u> Die Erfahrung und der systemische Blick. Auch das Vertrauen, dass viele Prozesse in Intervallen verlaufen. (Selbst als Norddeutsche sch\u00e4tze ich das optimistische K\u00f6lner Grundgesetz: \u201cH\u00e4tt noch immer jot jejange.\u201c). Und immer wieder: Austausch und Unterst\u00fctzung in meinem wunderbar wertvoll gewachsenden Netzwerk!<\/p>\n<p><strong>Was empfiehlst Du Bewerberinnen f\u00fcr das Femtec Career-Building Programme?<\/strong><\/p>\n<ul>\n<li>Vernetzt und unterst\u00fctzt Einander!<\/li>\n<li>Traut Euch, Vulnerabilit\u00e4t zu zeigen \u2013 die ist essenziell f\u00fcr Innovationskraft!<\/li>\n<li>Folgt dem, was Euch Energie gibt und wof\u00fcr Euer Herz schl\u00e4gt (auch, wenn das fordernd ist..!)<\/li>\n<\/ul>\n<\/div>\n<\/div>\n<p>\n    <a href=\"https:\/\/www.linkedin.com\/authwall?trk=gf&#038;trkInfo=AQEOxqu3MpJb4wAAAY_EIWj46NN-U8wKOuFhiqzpajyFyoBC90Cjwgbyh0I_hsO8W7MxBejg5AW7k_rFLqZU8omI1x1YBo8y2lhutNHNsjrkHX8z6EnOnpMpstZRxLn_cQTnkU0=&#038;original_referer=https:\/\/www.femtec.org\/&#038;sessionRedirect=https%3A%2F%2Fwww.linkedin.com%2Fin%2Fkatrin-brinkhoff-medienpsychologin-b5ba4715a%2F\">Linkedin<\/a>\n<\/p>\n<p>\n    <a href=\"https:\/\/katrin-brinkhoff.de\/\">Website<\/a>\n<\/p>\n<hr>\n<p><!--more--><br \/>\n<!-- {\"type\":\"layout\",\"children\":[{\"type\":\"section\",\"props\":{\"image_position\":\"center-center\",\"style\":\"default\",\"title_breakpoint\":\"xl\",\"title_position\":\"top-left\",\"title_rotation\":\"left\",\"vertical_align\":\"middle\",\"width\":\"default\"},\"children\":[{\"type\":\"row\",\"children\":[{\"type\":\"column\",\"props\":{\"image_position\":\"center-center\",\"position_sticky_breakpoint\":\"m\"},\"children\":[{\"type\":\"divider\",\"props\":{\"divider_element\":\"hr\"}},{\"type\":\"fragment\",\"props\":{\"margin\":\"default\"},\"children\":[{\"type\":\"row\",\"props\":{\"layout\":\"1-2,1-2\"},\"children\":[{\"type\":\"column\",\"props\":{\"image_position\":\"center-center\",\"position_sticky_breakpoint\":\"m\",\"width_medium\":\"1-2\"},\"children\":[{\"type\":\"image\",\"props\":{\"image\":\"wp-content\\\/uploads\\\/2024\\\/04\\\/Katrin_Brinkhoff1.png\",\"image_svg_color\":\"emphasis\",\"margin\":\"default\",\"position\":\"relative\",\"position_top\":\"15\"}}]},{\"type\":\"column\",\"props\":{\"image_position\":\"center-center\",\"position_sticky_breakpoint\":\"m\",\"width_medium\":\"1-2\"},\"children\":[{\"type\":\"headline\",\"props\":{\"content\":\"\n\n<div class=\\\"col-12 col-md-8\\\">\\n\n\n<div class=\\\"text-center mt-3 mt-md-0 text-md-left\\\">\\n\n\n<div class=\\\"col-12 col-md-8\\\">\\n\n\n<div class=\\\"text-center mt-3 mt-md-0 text-md-left\\\">\\n\n\n<div class=\\\"col-12 col-md-8\\\">\\n\n\n<div class=\\\"text-center mt-3 mt-md-0 text-md-left\\\">\\n\n\n<h2 class=\\\"mb-1\\\">Katrin Brinkhoff<\\\/h2>\\n<\\\/div>\\n<\\\/div>\\n<\\\/div>\\n<\\\/div>\\n<\\\/div>\\n<\\\/div>\",\"content_de_de\":\"\n\n<div class=\\\"col-12 col-md-8\\\">\\n\n\n<div class=\\\"text-center mt-3 mt-md-0 text-md-left\\\">\\n\n\n<div class=\\\"col-12 col-md-8\\\">\\n\n\n<div class=\\\"text-center mt-3 mt-md-0 text-md-left\\\">\\n\n\n<div class=\\\"col-12 col-md-8\\\">\\n\n\n<div class=\\\"text-center mt-3 mt-md-0 text-md-left\\\">\\n\n\n<h2 class=\\\"mb-1\\\">Katrin Brinkhoff<\\\/h2>\\n<\\\/div>\\n<\\\/div>\\n<\\\/div>\\n<\\\/div>\\n<\\\/div>\\n<\\\/div>\",\"margin_remove_bottom\":true,\"margin_remove_top\":true,\"title_element\":\"h1\"}},{\"type\":\"headline\",\"props\":{\"content\":\"\n\n<h5>Innovation &amp; Co-Creation, Leading myself and others<\\\/h5>\",\"content_de_de\":\"\n\n<h5>Innovation &amp; Co-Creation, Leading myself and others<\\\/h5>\",\"margin_remove_bottom\":true,\"margin_remove_top\":true,\"title_element\":\"h1\"}},{\"type\":\"text\",\"props\":{\"column_breakpoint\":\"m\",\"content\":\"\n\n<div class=\\\"small pt-4\\\">\\n\n\n<p><strong>Was sind Deine wichtigsten beruflichen Stationen?<\\\/strong><\\\/p>\\n\n\n<p>Mein Hintergrund als Leiterin eines EU-Bildungsprojektes f\\u00fcr Frauen (2002-2005) war sinnstiftend. Die Erfahrung als Referentin im Bundesministerium (BMFSFJ)\\u00a0 f\\u00fcr ein Medienprojekt und die T\\u00e4tigkeit bei Auswahlverfahren im Ausw\\u00e4rtigen Amt haben mir Einblicke in komplexe Strukturen gegeben. Antrieb f\\u00fcr meine Arbeit als Moderatorin ist auch meine kulturjournalistische T\\u00e4tigkeit (u.a. f\\u00fcr das ZDF). Als Moderatorin, Trainerin und Coach f\\u00fcr F\\u00fchrungskr\\u00e4fte unterst\\u00fctze ich seit 18 Jahren branchen\\u00fcbergreifend meine Kunden in Ver\\u00e4nderungsprozessen und in der Digitalisierung. Die selbstst\\u00e4ndige Zeit war dann weniger \\u201eStation\\u201c als vielmehr \\u201est\\u00e4ndiges Lernen und Transformation\\u201c. Und das Unterst\\u00fctzen von Frauen im MINT Bereich \\u2013 auch \\u00fcber die Femtec \\u2013 ist f\\u00fcr mich sinnstiftende Freude!<\\\/p>\\n\n\n<p><strong>Was ist Deine pr\\u00e4gendste Karriereerfahrung?<\\\/strong><\\\/p>\\n\n\n<p>Ich m\\u00f6chte das gern in \\u201e3 Phasen der Karriere\\u201c unterteilen.<\\\/p>\\n\n\n<p><u>Im Studium:<\\\/u> Der forschende Blick \\u00fcber den Tellerrand, das Ausprobieren und Kennenlernen verschiedener Organisationskulturen.<\\\/p>\\n\n\n<p><u>Nach dem Studium:<\\\/u> In jedem Fall: Mentorinnen, von denen ich lernen konnte und die mich best\\u00e4rkt und ermutigt haben. An diese denke ich noch heute!<\\\/p>\\n\n\n<p><u>In 18 Jahren Berufsleben:<\\\/u> Die Erfahrung und der systemische Blick. Auch das Vertrauen, dass viele Prozesse in Intervallen verlaufen. (Selbst als Norddeutsche sch\\u00e4tze ich das optimistische K\\u00f6lner Grundgesetz: \\u201cH\\u00e4tt noch immer jot jejange.\\u201c). Und immer wieder: Austausch und Unterst\\u00fctzung in meinem wunderbar wertvoll gewachsenden Netzwerk!<\\\/p>\\n\n\n<p><strong>Was empfiehlst Du Bewerberinnen f\\u00fcr das Femtec Career-Building Programme?<\\\/strong><\\\/p>\\n\n\n<ul>\\n\n\n<li>Vernetzt und unterst\\u00fctzt Einander!<\\\/li>\\n\n\n<li>Traut Euch, Vulnerabilit\\u00e4t zu zeigen \\u2013 die ist essenziell f\\u00fcr Innovationskraft!<\\\/li>\\n\n\n<li>Folgt dem, was Euch Energie gibt und wof\\u00fcr Euer Herz schl\\u00e4gt (auch, wenn das fordernd ist..!)<\\\/li>\\n<\\\/ul>\\n<\\\/div>\",\"content_en_us\":\"\n\n<div class=\\\"small pt-4\\\">\\n\n\n<p><strong>What are your professional milestones?<\\\/strong><\\\/p>\\n\n\n<p>My background as the head of an EU education project for women (2002-2005) was meaningful.\\u00a0 The experience as a referent at the Federal Ministry (BMFSFJ) for a media project and the work in selection procedures at the Foreign Office gave me insight into complex structures. My work as a moderator is also driven by my work as a cultural journalist (for ZDF, among others). As a moderator, trainer and coach for executives, I have been supporting my clients in change processes and in the course of digitalization across all industries for 18 years. The time I spent working independently was then less a \\u201cstation\\u201d than \\u201cconstant learning and transformation\\u201d. And supporting women in the MINT sector \\u2013 also through Femtec \\u2013 is a meaningful pleasure for me!<\\\/p>\\n\n\n<p><strong>What is your most defining career experience?<\\\/strong><\\\/p>\\n\n\n<p>I would like to divide this into \\u201c3 phases of career\\u201d.<\\\/p>\\n\n\n<p><u>During my studies<\\\/u>: the exploratory view beyond my own nose, trying out and getting to know different organizational cultures.<\\\/p>\\n\n\n<p><u>After my studies<\\\/u>: in any case: mentors from whom I was able to learn and who supported and encouraged me. I still think of them today!<\\\/p>\\n\n\n<p><u>In 18 years of professional life<\\\/u>: the experience and the systemic view. Also the confidence that many processes take place in intervals. (Even as a North German I appreciate the optimistic Cologne saying:\\u201dh\\u00e4tt noch immer jot jejange\\u2026\\u201d- something like \\u201cit always went well\\u2026\\u201d)<\\\/p>\\n\n\n<p>And again and again: Exchange and support in my wonderfully valuable grown network!<\\\/p>\\n\n\n<p><strong>What do you recommend to applicants for the Femtec Career-Building Programme?<\\\/strong><\\\/p>\\n\n\n<ul>\\n\n\n<li>Network and support each other!<\\\/li>\\n\n\n<li>\\u00a0Dare to show vulnerability \\u2013 it is essential for innovative strenght!<\\\/li>\\n\n\n<li>Follow what gives you energy and what your heart beats for (even if it is demanding\\u2026!)<\\\/li>\\n<\\\/ul>\\n<\\\/div>\",\"margin\":\"default\"}},{\"type\":\"fragment\",\"props\":{\"margin\":\"default\"},\"children\":[{\"type\":\"row\",\"children\":[{\"type\":\"column\",\"props\":{\"image_position\":\"center-center\",\"position_sticky_breakpoint\":\"m\",\"width_medium\":\"1-3\"},\"children\":[{\"type\":\"button\",\"props\":{\"grid_column_gap\":\"small\",\"grid_row_gap\":\"small\",\"margin\":\"default\"},\"children\":[{\"type\":\"button_item\",\"props\":{\"button_style\":\"default\",\"content\":\"Linkedin\",\"content_de_de\":\"Linkedin\",\"icon_align\":\"left\",\"link\":\"https:\\\/\\\/www.linkedin.com\\\/authwall?trk=gf&trkInfo=AQEOxqu3MpJb4wAAAY_EIWj46NN-U8wKOuFhiqzpajyFyoBC90Cjwgbyh0I_hsO8W7MxBejg5AW7k_rFLqZU8omI1x1YBo8y2lhutNHNsjrkHX8z6EnOnpMpstZRxLn_cQTnkU0=&original_referer=https:\\\/\\\/www.femtec.org\\\/&sessionRedirect=https%3A%2F%2Fwww.linkedin.com%2Fin%2Fkatrin-brinkhoff-medienpsychologin-b5ba4715a%2F\",\"link_de_de\":\"https:\\\/\\\/www.linkedin.com\\\/authwall?trk=gf&trkInfo=AQEOxqu3MpJb4wAAAY_EIWj46NN-U8wKOuFhiqzpajyFyoBC90Cjwgbyh0I_hsO8W7MxBejg5AW7k_rFLqZU8omI1x1YBo8y2lhutNHNsjrkHX8z6EnOnpMpstZRxLn_cQTnkU0=&original_referer=https:\\\/\\\/www.femtec.org\\\/&sessionRedirect=https%3A%2F%2Fwww.linkedin.com%2Fin%2Fkatrin-brinkhoff-medienpsychologin-b5ba4715a%2F\"}}]}]},{\"type\":\"column\",\"props\":{\"image_position\":\"center-center\",\"position_sticky_breakpoint\":\"m\",\"width_medium\":\"1-3\"},\"children\":[{\"type\":\"button\",\"props\":{\"grid_column_gap\":\"small\",\"grid_row_gap\":\"small\",\"margin\":\"default\"},\"children\":[{\"type\":\"button_item\",\"props\":{\"button_style\":\"default\",\"content\":\"Website\",\"content_de_de\":\"Website\",\"icon_align\":\"left\",\"link\":\"https:\\\/\\\/katrin-brinkhoff.de\\\/\",\"link_de_de\":\"https:\\\/\\\/katrin-brinkhoff.de\\\/\"}}]}]},{\"type\":\"column\",\"props\":{\"image_position\":\"center-center\",\"position_sticky_breakpoint\":\"m\",\"width_medium\":\"1-3\"}}],\"props\":{\"layout\":\"1-3,1-3,1-3\"}}]}]}]}]},{\"type\":\"divider\",\"props\":{\"divider_element\":\"hr\"}}]}]}]}],\"version\":\"4.3.13\"} --><\/p>\n","protected":false},"excerpt":{"rendered":"<p>Katrin Brinkhoff Innovation &amp; Co-Creation, Leading myself and others Was sind Deine wichtigsten beruflichen Stationen? Mein Hintergrund als Leiterin eines EU-Bildungsprojektes f\u00fcr Frauen (2002-2005) war sinnstiftend. Die Erfahrung als Referentin im Bundesministerium (BMFSFJ)\u00a0 f\u00fcr ein Medienprojekt und die T\u00e4tigkeit bei Auswahlverfahren im Ausw\u00e4rtigen Amt haben mir Einblicke in komplexe Strukturen gegeben. Antrieb f\u00fcr meine Arbeit [&hellip;]<\/p>\n","protected":false},"author":15,"featured_media":0,"comment_status":"closed","ping_status":"closed","sticky":false,"template":"","format":"standard","meta":{"footnotes":""},"categories":[6],"tags":[],"class_list":["post-13458","post","type-post","status-publish","format-standard","hentry","category-unkategorisiert"],"_links":{"self":[{"href":"https:\/\/www.femtec.org\/wp-json\/wp\/v2\/posts\/13458"}],"collection":[{"href":"https:\/\/www.femtec.org\/wp-json\/wp\/v2\/posts"}],"about":[{"href":"https:\/\/www.femtec.org\/wp-json\/wp\/v2\/types\/post"}],"author":[{"embeddable":true,"href":"https:\/\/www.femtec.org\/wp-json\/wp\/v2\/users\/15"}],"replies":[{"embeddable":true,"href":"https:\/\/www.femtec.org\/wp-json\/wp\/v2\/comments?post=13458"}],"version-history":[{"count":11,"href":"https:\/\/www.femtec.org\/wp-json\/wp\/v2\/posts\/13458\/revisions"}],"predecessor-version":[{"id":15517,"href":"https:\/\/www.femtec.org\/wp-json\/wp\/v2\/posts\/13458\/revisions\/15517"}],"wp:attachment":[{"href":"https:\/\/www.femtec.org\/wp-json\/wp\/v2\/media?parent=13458"}],"wp:term":[{"taxonomy":"category","embeddable":true,"href":"https:\/\/www.femtec.org\/wp-json\/wp\/v2\/categories?post=13458"},{"taxonomy":"post_tag","embeddable":true,"href":"https:\/\/www.femtec.org\/wp-json\/wp\/v2\/tags?post=13458"}],"curies":[{"name":"wp","href":"https:\/\/api.w.org\/{rel}","templated":true}]}}