{"id":13451,"date":"2024-07-09T11:41:33","date_gmt":"2024-07-09T09:41:33","guid":{"rendered":"https:\/\/next.femtec.org\/?p=13451"},"modified":"2024-07-23T10:39:00","modified_gmt":"2024-07-23T08:39:00","slug":"julia_finsterwalder","status":"publish","type":"post","link":"https:\/\/www.femtec.org\/julia_finsterwalder\/","title":{"rendered":"Julia_Finsterwalder"},"content":{"rendered":"<hr>\n<p><img decoding=\"async\" src=\"\/wp-content\/uploads\/2024\/04\/Julia_Finsterwalder.png\" alt=\"\"><\/p>\n<h1>\n<div class=\"col-12 col-md-8\">\n<div class=\"text-center mt-3 mt-md-0 text-md-left\">\n<div class=\"col-12 col-md-8\">\n<div class=\"text-center mt-3 mt-md-0 text-md-left\">\n<div class=\"col-12 col-md-8\">\n<div class=\"text-center mt-3 mt-md-0 text-md-left\">\n<div class=\"col-12 col-md-8\">\n<div class=\"text-center mt-3 mt-md-0 text-md-left\">\n<h2 class=\"mb-1\">Julia Finsterwalder<\/h2>\n<\/div>\n<\/div>\n<\/div>\n<\/div>\n<\/div>\n<\/div>\n<\/div>\n<\/div>\n<\/h1>\n<h1>\n<h5>Leading Myself and Others<\/h5>\n<\/h1>\n<div>\n<div class=\"small pt-4\">\n<p><strong>Was sind deine wichtigsten beruflichen Stationen?<\/strong><\/p>\n<ul>\n<li><span>Studium<\/span>: Politikwissenschaften und Kultur- und Sozialanthropologie in M\u00fcnster. Internationales Masterprogramm \u201eGlobal Studies\u201c, u. a. in Berlin mit einem Stiftungsstipendium. So habe ich in diversen L\u00e4ndern in f\u00fcnf verschiedenen Kontinenten gelebt, studiert oder gearbeitet und wertvolle Erfahrungen gemacht, die mich pers\u00f6nlich und beruflich haben wachsen lassen.<\/li>\n<li><span>Arbeitserfahrungen<\/span>: Projektbezogene Entwicklungszusammenarbeit, insbesondere entwicklungspolitische Bildungsarbeit. Projektarbeit im Bereich der Migration und Integration in Berlin sowie freiberuflich als Bildungsreferentin.<\/li>\n<li><span>Fortbildungen und Grundlagen<\/span>, welche mich und meine Arbeit pr\u00e4gen: Interkulturelle Kommunikation und Perspektivwechsel, Empathie, Selbstreflexion und Privilegienbewusstsein. Mediation, Embodiment, Design Thinking, systemische Organisationsentwicklung, agiles Management, (systemisches) Coaching und Gewaltfreie Kommunikation.<\/li>\n<\/ul>\n<p><strong>Was ist deine pr\u00e4gendste Karriereerfahrung?<\/strong><\/p>\n<p>Generell: Zu erkennen, wie sehr meine Sozialisierung als Frau aus einer Arbeiter:innenfamilie mich, mein Selbstwertgef\u00fchl und Auftreten gepr\u00e4gt hat und mich zu emanzipieren.<\/p>\n<p>Konkret: Eine meiner pr\u00e4gendsten und j\u00fcngsten Erfahrungen: Den Mut und das Selbstbewusstsein zu haben, etwas zu beenden, wenn es sich nicht richtig anf\u00fchlt und nicht gut f\u00fcr mich ist. In dem Moment zu wissen und auch ein Jahr sp\u00e4ter best\u00e4tigt bekommen: Es war die richtige Entscheidung.<\/p>\n<p><strong>Was empfiehlst du Bewerberinnen f\u00fcr das Femtec Career-Building Programme?<\/strong><\/p>\n<p>Ich w\u00fcnschte, ich h\u00e4tte schon fr\u00fcher (beruflich und akademisch) mehr Selbstvertrauen gehabt. Und das w\u00fcnsche ich auch den Bewerberinnen: Sich und die eigenen Potenziale anerkennen, wertsch\u00e4tzen und entfalten. Auch und insbesondere die St\u00e4rken erkennen, die wir selbst gar nicht als St\u00e4rken, sondern als Selbstverst\u00e4ndlichkeiten wahrnehmen. Denn diese sind nicht selbstverst\u00e4ndlich, sondern etwas Besonderes.<\/p>\n<\/div>\n<\/div>\n<hr>\n<p><!--more--><br \/>\n<!-- {\"type\":\"layout\",\"children\":[{\"type\":\"section\",\"props\":{\"image_position\":\"center-center\",\"style\":\"default\",\"title_breakpoint\":\"xl\",\"title_position\":\"top-left\",\"title_rotation\":\"left\",\"vertical_align\":\"middle\",\"width\":\"default\"},\"children\":[{\"type\":\"row\",\"children\":[{\"type\":\"column\",\"props\":{\"image_position\":\"center-center\",\"position_sticky_breakpoint\":\"m\"},\"children\":[{\"type\":\"divider\",\"props\":{\"divider_element\":\"hr\"}},{\"type\":\"fragment\",\"props\":{\"margin\":\"default\"},\"children\":[{\"type\":\"row\",\"props\":{\"layout\":\"1-2,1-2\"},\"children\":[{\"type\":\"column\",\"props\":{\"image_position\":\"center-center\",\"position_sticky_breakpoint\":\"m\",\"width_medium\":\"1-2\"},\"children\":[{\"type\":\"image\",\"props\":{\"image\":\"wp-content\\\/uploads\\\/2024\\\/04\\\/Julia_Finsterwalder.png\",\"image_svg_color\":\"emphasis\",\"margin\":\"default\",\"position\":\"relative\",\"position_top\":\"15\"}}]},{\"type\":\"column\",\"props\":{\"image_position\":\"center-center\",\"position_sticky_breakpoint\":\"m\",\"width_medium\":\"1-2\"},\"children\":[{\"type\":\"headline\",\"props\":{\"content\":\"\n\n<div class=\\\"col-12 col-md-8\\\">\\n\n\n<div class=\\\"text-center mt-3 mt-md-0 text-md-left\\\">\\n\n\n<div class=\\\"col-12 col-md-8\\\">\\n\n\n<div class=\\\"text-center mt-3 mt-md-0 text-md-left\\\">\\n\n\n<div class=\\\"col-12 col-md-8\\\">\\n\n\n<div class=\\\"text-center mt-3 mt-md-0 text-md-left\\\">\\n\n\n<div class=\\\"col-12 col-md-8\\\">\\n\n\n<div class=\\\"text-center mt-3 mt-md-0 text-md-left\\\">\\n\n\n<h2 class=\\\"mb-1\\\">Julia Finsterwalder<\\\/h2>\\n<\\\/div>\\n<\\\/div>\\n<\\\/div>\\n<\\\/div>\\n<\\\/div>\\n<\\\/div>\\n<\\\/div>\\n<\\\/div>\",\"content_de_de\":\"\n\n<div class=\\\"col-12 col-md-8\\\">\\n\n\n<div class=\\\"text-center mt-3 mt-md-0 text-md-left\\\">\\n\n\n<div class=\\\"col-12 col-md-8\\\">\\n\n\n<div class=\\\"text-center mt-3 mt-md-0 text-md-left\\\">\\n\n\n<div class=\\\"col-12 col-md-8\\\">\\n\n\n<div class=\\\"text-center mt-3 mt-md-0 text-md-left\\\">\\n\n\n<div class=\\\"col-12 col-md-8\\\">\\n\n\n<div class=\\\"text-center mt-3 mt-md-0 text-md-left\\\">\\n\n\n<div class=\\\"col-12 col-md-8\\\">\\n\n\n<div class=\\\"text-center mt-3 mt-md-0 text-md-left\\\">\\n\n\n<div class=\\\"col-12 col-md-8\\\">\\n\n\n<div class=\\\"text-center mt-3 mt-md-0 text-md-left\\\">\\n\n\n<div class=\\\"col-12 col-md-8\\\">\\n\n\n<div class=\\\"text-center mt-3 mt-md-0 text-md-left\\\">\\n\n\n<h2 class=\\\"mb-1\\\">Julia Finsterwalder<\\\/h2>\\n<\\\/div>\\n<\\\/div>\\n<\\\/div>\\n<\\\/div>\\n<\\\/div>\\n<\\\/div>\\n<\\\/div>\\n<\\\/div>\\n<\\\/div>\\n<\\\/div>\\n<\\\/div>\\n<\\\/div>\\n<\\\/div>\\n<\\\/div>\",\"margin_remove_bottom\":true,\"margin_remove_top\":true,\"title_element\":\"h1\"}},{\"type\":\"headline\",\"props\":{\"content\":\"\n\n<h5>Leading Myself and Others<\\\/h5>\",\"content_de_de\":\"\n\n<h5>Leading Myself and Others<\\\/h5>\",\"margin_remove_bottom\":true,\"margin_remove_top\":true,\"title_element\":\"h1\"}},{\"type\":\"text\",\"props\":{\"column_breakpoint\":\"m\",\"content\":\"\n\n<div class=\\\"small pt-4\\\">\\n\n\n<p><strong>Was sind deine wichtigsten beruflichen Stationen?<\\\/strong><\\\/p>\\n\n\n<ul>\\n\n\n<li><span>Studium<\\\/span>: Politikwissenschaften und Kultur- und Sozialanthropologie in M\\u00fcnster. Internationales Masterprogramm \\u201eGlobal Studies\\u201c, u. a. in Berlin mit einem Stiftungsstipendium. So habe ich in diversen L\\u00e4ndern in f\\u00fcnf verschiedenen Kontinenten gelebt, studiert oder gearbeitet und wertvolle Erfahrungen gemacht, die mich pers\\u00f6nlich und beruflich haben wachsen lassen.<\\\/li>\\n\n\n<li><span>Arbeitserfahrungen<\\\/span>: Projektbezogene Entwicklungszusammenarbeit, insbesondere entwicklungspolitische Bildungsarbeit. Projektarbeit im Bereich der Migration und Integration in Berlin sowie freiberuflich als Bildungsreferentin.<\\\/li>\\n\n\n<li><span>Fortbildungen und Grundlagen<\\\/span>, welche mich und meine Arbeit pr\\u00e4gen: Interkulturelle Kommunikation und Perspektivwechsel, Empathie, Selbstreflexion und Privilegienbewusstsein. Mediation, Embodiment, Design Thinking, systemische Organisationsentwicklung, agiles Management, (systemisches) Coaching und Gewaltfreie Kommunikation.<\\\/li>\\n<\\\/ul>\\n\n\n<p><strong>Was ist deine pr\\u00e4gendste Karriereerfahrung?<\\\/strong><\\\/p>\\n\n\n<p>Generell: Zu erkennen, wie sehr meine Sozialisierung als Frau aus einer Arbeiter:innenfamilie mich, mein Selbstwertgef\\u00fchl und Auftreten gepr\\u00e4gt hat und mich zu emanzipieren.<\\\/p>\\n\n\n<p>Konkret: Eine meiner pr\\u00e4gendsten und j\\u00fcngsten Erfahrungen: Den Mut und das Selbstbewusstsein zu haben, etwas zu beenden, wenn es sich nicht richtig anf\\u00fchlt und nicht gut f\\u00fcr mich ist. In dem Moment zu wissen und auch ein Jahr sp\\u00e4ter best\\u00e4tigt bekommen: Es war die richtige Entscheidung.<\\\/p>\\n\n\n<p><strong>Was empfiehlst du Bewerberinnen f\\u00fcr das Femtec Career-Building Programme?<\\\/strong><\\\/p>\\n\n\n<p>Ich w\\u00fcnschte, ich h\\u00e4tte schon fr\\u00fcher (beruflich und akademisch) mehr Selbstvertrauen gehabt. Und das w\\u00fcnsche ich auch den Bewerberinnen: Sich und die eigenen Potenziale anerkennen, wertsch\\u00e4tzen und entfalten. Auch und insbesondere die St\\u00e4rken erkennen, die wir selbst gar nicht als St\\u00e4rken, sondern als Selbstverst\\u00e4ndlichkeiten wahrnehmen. Denn diese sind nicht selbstverst\\u00e4ndlich, sondern etwas Besonderes.<\\\/p>\\n<\\\/div>\",\"content_en_us\":\"\n\n<div class=\\\"small pt-4\\\">\\n\n\n<p><strong>What are your professional milestones?<\\\/strong><\\\/p>\\n\n\n<ul>\\n\n\n<li>Studies: Political Science and Cultural and Social Anthropology in M\\u00fcnster. International Master\\u2019s program \\u201cGlobal Studies\\u201d, among others in Berlin with a foundation scholarship. So I have lived, studied or worked in various countries in five different continents and gained valuable experiences that have made me grow personally and professionally.<\\\/li>\\n\n\n<li>Work experience: Project-related development cooperation, especially development education work. Project work in the field of migration and integration in Berlin as well as freelance as an educational consultant.<\\\/li>\\n\n\n<li>Further education and basics, which shape me and my work: Intercultural communication and change of perspective, empathy, self-reflection and privilege awareness. Mediation, embodiment, design thinking, systemic organizational development, agile management, (systemic) coaching and non-violent communication.<\\\/li>\\n<\\\/ul>\\n\n\n<p><strong>What is your most defining career experience?<\\\/strong><\\\/p>\\n\n\n<p>In general: recognizing how much my socialization as a woman from a working:class family shaped me, my self-esteem and appearance, and emancipating myself.<\\\/p>\\n\n\n<p>Specifically: One of my most formative and recent experiences: Having the courage and self-awareness to stop doing something when it doesn\\u2019t feel right and isn\\u2019t good for me. Knowing in that moment and also having it confirmed a year later: It was the right decision.<\\\/p>\\n\n\n<p><strong>What do you recommend to applicants for the Femtec Career-Building Programme?<\\\/strong><\\\/p>\\n\n\n<p>I wish I had had more confidence earlier (professionally and academically). And that\\u2019s what I wish for the applicants, too: Recognize, value and develop themselves and their own potential. Also, and in particular, to recognize the strengths that we ourselves do not perceive as strengths at all, but rather as things we take for granted. Because these are not a matter of course, but something special.<\\\/p>\\n<\\\/div>\",\"margin\":\"default\"}},{\"type\":\"fragment\",\"props\":{\"margin\":\"default\"}}]}]}]},{\"type\":\"divider\",\"props\":{\"divider_element\":\"hr\"}}]}]}]}],\"version\":\"4.3.13\"} --><\/p>\n","protected":false},"excerpt":{"rendered":"<p>Julia Finsterwalder Leading Myself and Others Was sind deine wichtigsten beruflichen Stationen? Studium: Politikwissenschaften und Kultur- und Sozialanthropologie in M\u00fcnster. Internationales Masterprogramm \u201eGlobal Studies\u201c, u. a. in Berlin mit einem Stiftungsstipendium. So habe ich in diversen L\u00e4ndern in f\u00fcnf verschiedenen Kontinenten gelebt, studiert oder gearbeitet und wertvolle Erfahrungen gemacht, die mich pers\u00f6nlich und beruflich haben [&hellip;]<\/p>\n","protected":false},"author":15,"featured_media":0,"comment_status":"closed","ping_status":"closed","sticky":false,"template":"","format":"standard","meta":{"footnotes":""},"categories":[6],"tags":[],"class_list":["post-13451","post","type-post","status-publish","format-standard","hentry","category-unkategorisiert"],"_links":{"self":[{"href":"https:\/\/www.femtec.org\/wp-json\/wp\/v2\/posts\/13451"}],"collection":[{"href":"https:\/\/www.femtec.org\/wp-json\/wp\/v2\/posts"}],"about":[{"href":"https:\/\/www.femtec.org\/wp-json\/wp\/v2\/types\/post"}],"author":[{"embeddable":true,"href":"https:\/\/www.femtec.org\/wp-json\/wp\/v2\/users\/15"}],"replies":[{"embeddable":true,"href":"https:\/\/www.femtec.org\/wp-json\/wp\/v2\/comments?post=13451"}],"version-history":[{"count":8,"href":"https:\/\/www.femtec.org\/wp-json\/wp\/v2\/posts\/13451\/revisions"}],"predecessor-version":[{"id":15566,"href":"https:\/\/www.femtec.org\/wp-json\/wp\/v2\/posts\/13451\/revisions\/15566"}],"wp:attachment":[{"href":"https:\/\/www.femtec.org\/wp-json\/wp\/v2\/media?parent=13451"}],"wp:term":[{"taxonomy":"category","embeddable":true,"href":"https:\/\/www.femtec.org\/wp-json\/wp\/v2\/categories?post=13451"},{"taxonomy":"post_tag","embeddable":true,"href":"https:\/\/www.femtec.org\/wp-json\/wp\/v2\/tags?post=13451"}],"curies":[{"name":"wp","href":"https:\/\/api.w.org\/{rel}","templated":true}]}}