{"id":13389,"date":"2024-06-21T11:59:21","date_gmt":"2024-06-21T09:59:21","guid":{"rendered":"https:\/\/next.femtec.org\/?p=13389"},"modified":"2024-07-23T15:08:33","modified_gmt":"2024-07-23T13:08:33","slug":"anja_henningsmeyer","status":"publish","type":"post","link":"https:\/\/www.femtec.org\/anja_henningsmeyer\/","title":{"rendered":"Anja_Henningsmeyer"},"content":{"rendered":"<hr>\n<p><img decoding=\"async\" src=\"\/wp-content\/uploads\/2024\/04\/Anja_Henningsmeyer2.png\" alt=\"\"><\/p>\n<h1>\n<h2 class=\"mb-1\">Anja Henningsmeyer<\/h2>\n<\/h1>\n<h1>\n<h5>Career Development<\/h5>\n<\/h1>\n<div>\n<p><strong>Was sind Deine wichtigsten beruflichen Stationen?<\/strong><\/p>\n<p>Viele Berufst\u00e4tigkeiten haben meinen Lebensweg gepr\u00e4gt und <em>jede<\/em> Station war wichtig. Weil ich \u00fcberall etwas Entscheidendes gelernt habe. Ich war freiberufliche Journalistin, bildende K\u00fcnstlerin &amp; Galeristin, Festivalmanagerin, Inhaberin einer Bildagentur in Hong Kong. Ich bin Sachbuch-Autorin, Dozentin, ehrenamtliche Richterin und Gesch\u00e4ftsf\u00fchrerin der hessischen Film- und Medienakademie, die ich zusammen mit den Beteiligten 2008 aufgebaut habe. Und deshalb ist \u2026<\/p>\n<p><strong>Was ist Deine pr\u00e4gendste Karriereerfahrung?<\/strong><\/p>\n<p>Die schlichte Erkenntnis: Wenn ein Job mir mehr Output abverlangt als Input bringt, dann ist die Zeit f\u00fcr etwas Neues, Anderes gekommen. Ich bin zutiefst davon \u00fcberzeugt, dass jede berufliche T\u00e4tigkeit auch dazu dienen soll, eigene Potentiale zu entfalten. Der Mut zu lernen, ver-lernen und neu-lernen ist es, der uns in einer sich st\u00e4ndig ver\u00e4ndernden (Arbeits-)Welt wach und fit h\u00e4lt.<\/p>\n<p><strong>Was empfiehlst Du Bewerberinnen f\u00fcr das Femtec Career-Building Programme?<\/strong><\/p>\n<p>Teilnehmen! Zu meinen Studienzeiten gab es kein Bewusstsein daf\u00fcr, dass \u201aSoft Skills\u2018 in Wirklichkeit entscheidende Schl\u00fcsselkompetenzen sind und dass Business-Netzwerke die Karriere enorm empowern. Heute wei\u00df man es nicht nur \u2013 es gibt mit Initiativen wie Femtec sogar die M\u00f6glichkeit, solche wichtigen Faktoren schon w\u00e4hrend des Studiums ins Leben zu integrieren. Darum: Teilnehmen!<\/p>\n<\/div>\n<p>\n    <a href=\"https:\/\/www.linkedin.com\/in\/anjahenningsmeyer\/\">LinkedIn<\/a>\n<\/p>\n<p>\n    <a href=\"https:\/\/www.henningsmeyer.de\/\">Website<\/a>\n<\/p>\n<hr>\n<p><!--more--><br \/>\n<!-- {\"type\":\"layout\",\"children\":[{\"type\":\"section\",\"props\":{\"image_position\":\"center-center\",\"style\":\"default\",\"title_breakpoint\":\"xl\",\"title_position\":\"top-left\",\"title_rotation\":\"left\",\"vertical_align\":\"middle\",\"width\":\"default\"},\"children\":[{\"type\":\"row\",\"children\":[{\"type\":\"column\",\"props\":{\"image_position\":\"center-center\",\"position_sticky_breakpoint\":\"m\"},\"children\":[{\"type\":\"divider\",\"props\":{\"divider_element\":\"hr\"}},{\"type\":\"fragment\",\"props\":{\"margin\":\"default\"},\"children\":[{\"type\":\"row\",\"props\":{\"layout\":\"1-2,1-2\"},\"children\":[{\"type\":\"column\",\"props\":{\"image_position\":\"center-center\",\"position_sticky_breakpoint\":\"m\",\"width_medium\":\"1-2\"},\"children\":[{\"type\":\"image\",\"props\":{\"image\":\"wp-content\\\/uploads\\\/2024\\\/04\\\/Anja_Henningsmeyer2.png\",\"image_loading\":true,\"image_svg_color\":\"emphasis\",\"margin\":\"default\",\"position\":\"relative\",\"position_top\":\"50\"}}]},{\"type\":\"column\",\"props\":{\"image_position\":\"center-center\",\"position_sticky_breakpoint\":\"m\",\"width_medium\":\"1-2\"},\"children\":[{\"type\":\"headline\",\"props\":{\"content\":\"\n\n<h2 class=\\\"mb-1\\\">Anja Henningsmeyer<\\\/h2>\",\"content_de_de\":\"\n\n<h2 class=\\\"mb-1\\\">Anja Henningsmeyer<\\\/h2>\",\"margin_remove_bottom\":true,\"margin_remove_top\":true,\"title_element\":\"h1\"}},{\"type\":\"headline\",\"props\":{\"content\":\"\n\n<h5>Career Development<\\\/h5>\",\"content_de_de\":\"\n\n<h5>Career Development<\\\/h5>\",\"margin_remove_bottom\":true,\"margin_remove_top\":true,\"title_element\":\"h1\"}},{\"type\":\"text\",\"props\":{\"column_breakpoint\":\"m\",\"content\":\"\n\n<p><strong>Was sind Deine wichtigsten beruflichen Stationen?<\\\/strong><\\\/p>\\n\n\n<p>Viele Berufst\\u00e4tigkeiten haben meinen Lebensweg gepr\\u00e4gt und <em>jede<\\\/em> Station war wichtig. Weil ich \\u00fcberall etwas Entscheidendes gelernt habe. Ich war freiberufliche Journalistin, bildende K\\u00fcnstlerin &amp; Galeristin, Festivalmanagerin, Inhaberin einer Bildagentur in Hong Kong. Ich bin Sachbuch-Autorin, Dozentin, ehrenamtliche Richterin und Gesch\\u00e4ftsf\\u00fchrerin der hessischen Film- und Medienakademie, die ich zusammen mit den Beteiligten 2008 aufgebaut habe. Und deshalb ist \\u2026<\\\/p>\\n\n\n<p><strong>Was ist Deine pr\\u00e4gendste Karriereerfahrung?<\\\/strong><\\\/p>\\n\n\n<p>Die schlichte Erkenntnis: Wenn ein Job mir mehr Output abverlangt als Input bringt, dann ist die Zeit f\\u00fcr etwas Neues, Anderes gekommen. Ich bin zutiefst davon \\u00fcberzeugt, dass jede berufliche T\\u00e4tigkeit auch dazu dienen soll, eigene Potentiale zu entfalten. Der Mut zu lernen, ver-lernen und neu-lernen ist es, der uns in einer sich st\\u00e4ndig ver\\u00e4ndernden (Arbeits-)Welt wach und fit h\\u00e4lt.<\\\/p>\\n\n\n<p><strong>Was empfiehlst Du Bewerberinnen f\\u00fcr das Femtec Career-Building Programme?<\\\/strong><\\\/p>\\n\n\n<p>Teilnehmen! Zu meinen Studienzeiten gab es kein Bewusstsein daf\\u00fcr, dass \\u201aSoft Skills\\u2018 in Wirklichkeit entscheidende Schl\\u00fcsselkompetenzen sind und dass Business-Netzwerke die Karriere enorm empowern. Heute wei\\u00df man es nicht nur \\u2013 es gibt mit Initiativen wie Femtec sogar die M\\u00f6glichkeit, solche wichtigen Faktoren schon w\\u00e4hrend des Studiums ins Leben zu integrieren. Darum: Teilnehmen!<\\\/p>\",\"content_en_us\":\"\n\n<div class=\\\"uk-panel uk-margin\\\" data-id=\\\"page#0-0-0-1-0-1-2\\\" data-element=\\\"\\\">\\n\n\n<div class=\\\"small pt-4\\\">\\n\n\n<div class=\\\"small pt-4\\\">\\n\n\n<p><strong>What are your professional milestones?<\\\/strong><\\\/p>\\n\n\n<p>Many different professional experiences have shaped my life and each station was significant. Every single one taught me something crucial. I was a freelance journalist, visual artist &amp; gallery owner, festival manager, owner of an image agency in Hong Kong. I am a non-fiction author, lecturer, voluntary judge and managing director of the hessische Film- und Medienakademie, which I established together with the people involved in 2008. And that\\u2019s why the the plain and simple understanding \\u2026<\\\/p>\\n\n\n<p><strong>What is your most defining career experience?<\\\/strong><\\\/p>\\n\n\n<p>\\u2026 if a job demands more output from me than it provides input, the time for something new and different has come. I am deeply convinced that every professional occupation should also serve to unfold my own potential. The courage to learn, to unlearn and to relearn is what keeps us awake and fit in a constantly changing (working) environment.<\\\/p>\\n\n\n<p><strong>What do you recommend to applicants for the Femtec Career-Building Programme?<\\\/strong><\\\/p>\\n\n\n<p>Participate! When I was a student, there was no recognition that soft skills were actually key competencies and that business networks enormously empower the career. Today, we don\\u2019t just know it \\u2013 with networks like Femtec, there is even the possibility to integrate such important factors into your life during your studies. For this reason: Participate!<\\\/p>\\n<\\\/div>\\n<\\\/div>\\n<\\\/div>\",\"margin\":\"default\"}},{\"type\":\"fragment\",\"props\":{\"margin\":\"default\"},\"children\":[{\"type\":\"row\",\"props\":{\"layout\":\"1-3,1-3,1-3\"},\"children\":[{\"type\":\"column\",\"props\":{\"image_position\":\"center-center\",\"position_sticky_breakpoint\":\"m\",\"width_medium\":\"1-3\"},\"children\":[{\"type\":\"button\",\"props\":{\"grid_column_gap\":\"small\",\"grid_row_gap\":\"small\",\"margin\":\"default\"},\"children\":[{\"type\":\"button_item\",\"props\":{\"button_style\":\"default\",\"content\":\"LinkedIn\",\"content_de_de\":\"Linkedin\",\"icon_align\":\"left\",\"link\":\"https:\\\/\\\/www.linkedin.com\\\/in\\\/anjahenningsmeyer\\\/\",\"link_de_de\":\"https:\\\/\\\/www.linkedin.com\\\/in\\\/anjahenningsmeyer\\\/\"}}]}]},{\"type\":\"column\",\"props\":{\"image_position\":\"center-center\",\"position_sticky_breakpoint\":\"m\",\"width_medium\":\"1-3\"},\"children\":[{\"type\":\"button\",\"props\":{\"grid_column_gap\":\"small\",\"grid_row_gap\":\"small\",\"margin\":\"default\"},\"children\":[{\"type\":\"button_item\",\"props\":{\"button_style\":\"default\",\"content\":\"Website\",\"content_de_de\":\"Website\",\"icon_align\":\"left\",\"link\":\"https:\\\/\\\/www.henningsmeyer.de\\\/\",\"link_de_de\":\"https:\\\/\\\/www.henningsmeyer.de\\\/\"}}]}]},{\"type\":\"column\",\"props\":{\"image_position\":\"center-center\",\"position_sticky_breakpoint\":\"m\",\"width_medium\":\"1-3\"}}]}]}]}]}]},{\"type\":\"divider\",\"props\":{\"divider_element\":\"hr\"}}]}]}]}],\"version\":\"4.3.13\"} --><\/p>\n","protected":false},"excerpt":{"rendered":"<p>Anja Henningsmeyer Career Development Was sind Deine wichtigsten beruflichen Stationen? Viele Berufst\u00e4tigkeiten haben meinen Lebensweg gepr\u00e4gt und jede Station war wichtig. Weil ich \u00fcberall etwas Entscheidendes gelernt habe. Ich war freiberufliche Journalistin, bildende K\u00fcnstlerin &amp; Galeristin, Festivalmanagerin, Inhaberin einer Bildagentur in Hong Kong. Ich bin Sachbuch-Autorin, Dozentin, ehrenamtliche Richterin und Gesch\u00e4ftsf\u00fchrerin der hessischen Film- und [&hellip;]<\/p>\n","protected":false},"author":15,"featured_media":0,"comment_status":"closed","ping_status":"closed","sticky":false,"template":"","format":"standard","meta":{"footnotes":""},"categories":[6],"tags":[],"class_list":["post-13389","post","type-post","status-publish","format-standard","hentry","category-unkategorisiert"],"_links":{"self":[{"href":"https:\/\/www.femtec.org\/wp-json\/wp\/v2\/posts\/13389"}],"collection":[{"href":"https:\/\/www.femtec.org\/wp-json\/wp\/v2\/posts"}],"about":[{"href":"https:\/\/www.femtec.org\/wp-json\/wp\/v2\/types\/post"}],"author":[{"embeddable":true,"href":"https:\/\/www.femtec.org\/wp-json\/wp\/v2\/users\/15"}],"replies":[{"embeddable":true,"href":"https:\/\/www.femtec.org\/wp-json\/wp\/v2\/comments?post=13389"}],"version-history":[{"count":9,"href":"https:\/\/www.femtec.org\/wp-json\/wp\/v2\/posts\/13389\/revisions"}],"predecessor-version":[{"id":15687,"href":"https:\/\/www.femtec.org\/wp-json\/wp\/v2\/posts\/13389\/revisions\/15687"}],"wp:attachment":[{"href":"https:\/\/www.femtec.org\/wp-json\/wp\/v2\/media?parent=13389"}],"wp:term":[{"taxonomy":"category","embeddable":true,"href":"https:\/\/www.femtec.org\/wp-json\/wp\/v2\/categories?post=13389"},{"taxonomy":"post_tag","embeddable":true,"href":"https:\/\/www.femtec.org\/wp-json\/wp\/v2\/tags?post=13389"}],"curies":[{"name":"wp","href":"https:\/\/api.w.org\/{rel}","templated":true}]}}